{"id":676,"date":"2014-11-14T01:03:59","date_gmt":"2014-11-13T23:03:59","guid":{"rendered":"http:\/\/www.3deee.ch\/?p=676"},"modified":"2015-06-15T18:49:31","modified_gmt":"2015-06-15T16:49:31","slug":"wir-habens-geschafft","status":"publish","type":"post","link":"https:\/\/www.3deee.ch\/?p=676","title":{"rendered":"Wir haben&#8217;s geschafft"},"content":{"rendered":"<p>Lange habe ich nichts mehr geschrieben. Das h\u00e4ngt wohl damit zusammen, dass ich sehr besch\u00e4ftigt war, unter anderem mit dem FabLab Winti (Winterthur).<\/p>\n<p>&nbsp;<\/p>\n<p>Das Crowdfunding haben wir dank grosser Unterst\u00fctzung und mit einigen Aktionen erfolgreich abgeschlossen.<\/p>\n<p>Wir sind nun in den R\u00e4umen an dem Lagerplatz 13 in Winterthur das FabLab am Aufbauen.<\/p>\n<p>Bereits jetzt haben wir einen Ultimaker der l\u00e4uft. Einen zweiten 3D-Drucker sind wir gerade am Aufbauen.<\/p>\n<p>&nbsp;<\/p>\n<p>In der n\u00e4chsten Woche werden wir mit dem Zusammenbau unseres Lasercutters beginnen. Wir haben und entschieden einen Lasersaur zu bauen. Wir werden den Zusammenbau auf dem FabLab Winti Blog dokumentieren.<\/p>\n<p>&nbsp;<\/p>\n<p>Und im Hintergrund arbeiten wir fleissig an der Administration vom FabLab.<\/p>\n<p>&nbsp;<\/p>\n<p>\u00dcbrigens k\u00f6nnt ihr bereits einen Ultimaker-zusammenbau-Kurs im FabLab buchen, welcher im Januar stattfindet. (<a href=\"http:\/\/www.fablabwinti.ch\/zusammenbauworkshop-3d-drucker\/\">http:\/\/www.fablabwinti.ch\/zusammenbauworkshop-3d-drucker\/<\/a>)<\/p>\n<p>&nbsp;<\/p>\n<p>Gerne k\u00f6nnt ihr und auch Ideen f\u00fcr Kurse, dir ihr belegen m\u00f6chtet mailen.<\/p>\n<p>&nbsp;<\/p>\n<p>Noch suchen wir einiges an Maschinen und Werkzeugen und Sponsoren um das FabLab fertig einzurichten.<\/p>\n<p>Die Liste findet ihr unter: <a href=\"http:\/\/www.fablabwinti.ch\/grundausstattung\/\">http:\/\/www.fablabwinti.ch\/grundausstattung\/<\/a><\/p>\n<p>Falls ihr Sachen habt, die ihr gerne ins FabLab bringen m\u00f6chtet, sind wir jeden Dienstag von 19:00 bis 21:00 vor Ort, oder ihr schreibt eine Mail an Info@fablabwinti.ch<\/p>\n<p>&nbsp;<\/p>\n<p>Ich freue mich sehr, dass wir in k\u00fcrze, am 13. Dezember, das FabLab er\u00f6ffnen k\u00f6nnen.<\/p>\n<p>&nbsp;<\/p>\n","protected":false},"excerpt":{"rendered":"<p>Lange habe ich nichts mehr geschrieben. Das h\u00e4ngt wohl damit zusammen, dass ich sehr besch\u00e4ftigt war, unter anderem mit dem FabLab Winti (Winterthur). &nbsp; Das Crowdfunding haben wir dank grosser Unterst\u00fctzung und mit einigen Aktionen erfolgreich abgeschlossen. Wir sind nun in den R\u00e4umen an dem Lagerplatz 13 in Winterthur das&#8230;<\/p>\n","protected":false},"author":2,"featured_media":678,"comment_status":"open","ping_status":"open","sticky":false,"template":"","format":"standard","meta":{"_links_to":"","_links_to_target":""},"categories":[1],"tags":[5,52,46,47,48,49,50,14,9,51],"amp_enabled":true,"_links":{"self":[{"href":"https:\/\/www.3deee.ch\/index.php?rest_route=\/wp\/v2\/posts\/676"}],"collection":[{"href":"https:\/\/www.3deee.ch\/index.php?rest_route=\/wp\/v2\/posts"}],"about":[{"href":"https:\/\/www.3deee.ch\/index.php?rest_route=\/wp\/v2\/types\/post"}],"author":[{"embeddable":true,"href":"https:\/\/www.3deee.ch\/index.php?rest_route=\/wp\/v2\/users\/2"}],"replies":[{"embeddable":true,"href":"https:\/\/www.3deee.ch\/index.php?rest_route=%2Fwp%2Fv2%2Fcomments&post=676"}],"version-history":[{"count":2,"href":"https:\/\/www.3deee.ch\/index.php?rest_route=\/wp\/v2\/posts\/676\/revisions"}],"predecessor-version":[{"id":679,"href":"https:\/\/www.3deee.ch\/index.php?rest_route=\/wp\/v2\/posts\/676\/revisions\/679"}],"wp:featuredmedia":[{"embeddable":true,"href":"https:\/\/www.3deee.ch\/index.php?rest_route=\/wp\/v2\/media\/678"}],"wp:attachment":[{"href":"https:\/\/www.3deee.ch\/index.php?rest_route=%2Fwp%2Fv2%2Fmedia&parent=676"}],"wp:term":[{"taxonomy":"category","embeddable":true,"href":"https:\/\/www.3deee.ch\/index.php?rest_route=%2Fwp%2Fv2%2Fcategories&post=676"},{"taxonomy":"post_tag","embeddable":true,"href":"https:\/\/www.3deee.ch\/index.php?rest_route=%2Fwp%2Fv2%2Ftags&post=676"}],"curies":[{"name":"wp","href":"https:\/\/api.w.org\/{rel}","templated":true}]}}