{"id":672,"date":"2014-09-24T08:16:50","date_gmt":"2014-09-24T06:16:50","guid":{"rendered":"http:\/\/www.3deee.ch\/?p=672"},"modified":"2015-06-15T18:49:37","modified_gmt":"2015-06-15T16:49:37","slug":"der-endspurt-laeuft","status":"publish","type":"post","link":"https:\/\/www.3deee.ch\/?p=672","title":{"rendered":"Der Endspurt l\u00e4uft \u2026"},"content":{"rendered":"<p>Nur noch 3 Tage. Wir sind sehr gl\u00fccklich, dass wir knapp an der 20&#8217;000er-Grenze streifen und freuen uns, nun mit dem konkreten Organisieren vom FabLab beginnen zu k\u00f6nnen.<\/p>\n<p>&nbsp;<\/p>\n<p>Die 20&#8217;000 werden wir f\u00fcr die Raummiete und die Grundeinrichtung verwenden. Bereits haben wir zwei 3D-Drucker und einen 3D-Scanner versprochen bekommen.<\/p>\n<p>&nbsp;<\/p>\n<p>Nat\u00fcrlich tr\u00e4umen wir, ich hoffe ihr auch, noch von einem Lasercutter. Ein guter Lasercutter mit gen\u00fcgend Fl\u00e4che und Leistung kostet jedoch so ca. 10&#8217;000 &#8211; 14&#8217;000 CHF oder mehr.<br \/>\nDarum m\u00f6chten wir euch nochmals Mut machen, in eurem Umfeld Werbung zu machen und die Personen zu einer Mitgliedschaft ermutigen.<br \/>\nEbenfalls m\u00f6chten wir euch nochmals auf die Maschinenstunden aufmerksam machen. Dieses einmalige Angebot mit den gew\u00e4hrten Rabatten werden wir in der Zukunft nicht mehr anbieten. Also lasst euch diese Chance nicht entgehen.<\/p>\n<p>&nbsp;<\/p>\n<p>Ab dem 1. Oktober k\u00f6nnen wir unsere R\u00e4umlichkeiten beziehen und uns langsam anfangen einzurichten.<br \/>\nDas m\u00f6chten wir nicht unbedingt alleine machen. Viele von euch werden ja in der Zukunft ein Mitglied vom FabLab sein. Und unser Verein wird von der Mitrabeit der Mitglieder leben. Wenn ihr Zeit und Lust habt, mit uns das FabLab einzurichten und die ganze Organisation aufzugleisen, meldet euch doch unter info@fablabwinti.ch<\/p>\n<p>&nbsp;<\/p>\n<p>Auch suchen wir noch gezielt nach Werkzeugen, Maschinen und Mobiliar. Die Liste findet ihr unter <a href=\"http:\/\/www.fablabwinti.ch\/grundausstattung\/\">http:\/\/www.fablabwinti.ch\/grundausstattung\/<\/a>. Wenn ihr selber noch brauchbare Dinge habt oder irgendwo solche Sachen seht, die sonst entsorgt werden, meldet es uns, damit wir den Dingen im FabLab ein zweites Leben einhauchen k\u00f6nnen.<\/p>\n<p>&nbsp;<\/p>\n<p>&nbsp;<\/p>\n<p>Vielen Dank f\u00fcr eure tatkr\u00e4ftige Unterst\u00fctzung<\/p>\n<p>&nbsp;<\/p>\n<p>Euer FabLab Winti Vorstand<\/p>\n","protected":false},"excerpt":{"rendered":"<p>Nur noch 3 Tage. Wir sind sehr gl\u00fccklich, dass wir knapp an der 20&#8217;000er-Grenze streifen und freuen uns, nun mit dem konkreten Organisieren vom FabLab beginnen zu k\u00f6nnen. &nbsp; Die 20&#8217;000 werden wir f\u00fcr die Raummiete und die Grundeinrichtung verwenden. Bereits haben wir zwei 3D-Drucker und einen 3D-Scanner versprochen bekommen&#8230;.<\/p>\n","protected":false},"author":2,"featured_media":674,"comment_status":"open","ping_status":"open","sticky":false,"template":"","format":"standard","meta":{"_links_to":"","_links_to_target":""},"categories":[1],"tags":[5,52,46,47,48,49,50,14,9,51],"amp_enabled":true,"_links":{"self":[{"href":"https:\/\/www.3deee.ch\/index.php?rest_route=\/wp\/v2\/posts\/672"}],"collection":[{"href":"https:\/\/www.3deee.ch\/index.php?rest_route=\/wp\/v2\/posts"}],"about":[{"href":"https:\/\/www.3deee.ch\/index.php?rest_route=\/wp\/v2\/types\/post"}],"author":[{"embeddable":true,"href":"https:\/\/www.3deee.ch\/index.php?rest_route=\/wp\/v2\/users\/2"}],"replies":[{"embeddable":true,"href":"https:\/\/www.3deee.ch\/index.php?rest_route=%2Fwp%2Fv2%2Fcomments&post=672"}],"version-history":[{"count":1,"href":"https:\/\/www.3deee.ch\/index.php?rest_route=\/wp\/v2\/posts\/672\/revisions"}],"predecessor-version":[{"id":673,"href":"https:\/\/www.3deee.ch\/index.php?rest_route=\/wp\/v2\/posts\/672\/revisions\/673"}],"wp:featuredmedia":[{"embeddable":true,"href":"https:\/\/www.3deee.ch\/index.php?rest_route=\/wp\/v2\/media\/674"}],"wp:attachment":[{"href":"https:\/\/www.3deee.ch\/index.php?rest_route=%2Fwp%2Fv2%2Fmedia&parent=672"}],"wp:term":[{"taxonomy":"category","embeddable":true,"href":"https:\/\/www.3deee.ch\/index.php?rest_route=%2Fwp%2Fv2%2Fcategories&post=672"},{"taxonomy":"post_tag","embeddable":true,"href":"https:\/\/www.3deee.ch\/index.php?rest_route=%2Fwp%2Fv2%2Ftags&post=672"}],"curies":[{"name":"wp","href":"https:\/\/api.w.org\/{rel}","templated":true}]}}