{"id":668,"date":"2014-09-12T09:09:42","date_gmt":"2014-09-12T07:09:42","guid":{"rendered":"http:\/\/www.3deee.ch\/?p=668"},"modified":"2015-06-15T18:49:42","modified_gmt":"2015-06-15T16:49:42","slug":"noch-15-tage-und-was-wir-sonst-noch-so-alles-suchen","status":"publish","type":"post","link":"https:\/\/www.3deee.ch\/?p=668","title":{"rendered":"Noch 15 Tage \u2026 und was wir sonst noch so alles suchen \u2026"},"content":{"rendered":"<p style=\"color: gray;\">Sonntag, 31. August 2014<\/p>\n<p style=\"color: gray;\">20:15<\/p>\n<p>Bereits vor einiger Zeit haben wir das Finanzierungsziel f\u00fcr das FabLab erreicht. So k\u00f6nnen wir nun guten Gewissens an unserem angestrebten Datum im Dezember starten, haben die ersten Monatsmieten auf sicher und k\u00f6nnen anfangen die Grundausstattung zu beschaffen.<\/p>\n<p>&nbsp;<\/p>\n<p>Die Crowdfunding-Kampagne l\u00e4uft nun noch 15-Tage, ihr d\u00fcrft gerne fleissig weiter Werbung machen oder selber noch zuschlagen. So g\u00fcnstig bekommt ihr die Mitgliedschaft oder die Maschinenstunden nicht mehr so schnell.<\/p>\n<p>&nbsp;<\/p>\n<p>Im Moment suchen wir nat\u00fcrlich noch eine ganze Menge der verschiedensten Mobilien, Werkzeuge und Maschinen um das FabLab damit auszur\u00fcsten.<br \/>\nZur Zeit hat es im FabLab nur einen Schubladenschrank, Tische und zwei 3D-Drucker. Daher sind wir nun auf G\u00f6nner und Sponsoren angewiesen, die uns helfen das FabLab mit dem n\u00f6tigsten auszustatten.<\/p>\n<p>&nbsp;<\/p>\n<p>Dazu haben wir eine Liste (<a title=\"http:\/\/www.fablabwinti.ch\/grundausstattung\/\" href=\"http:\/\/www.fablabwinti.ch\/grundausstattung\/\" target=\"_blank\">http:\/\/www.fablabwinti.ch\/grundausstattung\/<\/a>) erstellt, mit all den Sachen, die wir noch ben\u00f6tigen. Wir w\u00fcrden uns sehr freuen, wenn Ihr eure Augen und Ohren offen haltet und uns erz\u00e4hlt, wenn es irgendwo noch Maschinen und Werkzeige gibt, denen wir im FabLab ein zweites Leben einhauchen k\u00f6nnen.<\/p>\n<p>Nat\u00fcrlich sind wir auch froh, wenn ihr uns potentielle Sponsoren und G\u00f6nner zufl\u00fcstert oder die gleich selber f\u00fcr uns begeistert.<\/p>\n<p>&nbsp;<\/p>\n<p>Wir freuen uns sehr dass wir schon sehr bald das FabLab starten k\u00f6nnen und sind gespannt auf all die Projekte, die im FabLab realisiert werden.<\/p>\n","protected":false},"excerpt":{"rendered":"<p>Sonntag, 31. August 2014 20:15 Bereits vor einiger Zeit haben wir das Finanzierungsziel f\u00fcr das FabLab erreicht. So k\u00f6nnen wir nun guten Gewissens an unserem angestrebten Datum im Dezember starten, haben die ersten Monatsmieten auf sicher und k\u00f6nnen anfangen die Grundausstattung zu beschaffen. &nbsp; Die Crowdfunding-Kampagne l\u00e4uft nun noch 15-Tage,&#8230;<\/p>\n","protected":false},"author":2,"featured_media":670,"comment_status":"open","ping_status":"open","sticky":false,"template":"","format":"standard","meta":{"_links_to":"","_links_to_target":""},"categories":[1],"tags":[5,52,46,47,48,49,50,14,9,51],"amp_enabled":true,"_links":{"self":[{"href":"https:\/\/www.3deee.ch\/index.php?rest_route=\/wp\/v2\/posts\/668"}],"collection":[{"href":"https:\/\/www.3deee.ch\/index.php?rest_route=\/wp\/v2\/posts"}],"about":[{"href":"https:\/\/www.3deee.ch\/index.php?rest_route=\/wp\/v2\/types\/post"}],"author":[{"embeddable":true,"href":"https:\/\/www.3deee.ch\/index.php?rest_route=\/wp\/v2\/users\/2"}],"replies":[{"embeddable":true,"href":"https:\/\/www.3deee.ch\/index.php?rest_route=%2Fwp%2Fv2%2Fcomments&post=668"}],"version-history":[{"count":1,"href":"https:\/\/www.3deee.ch\/index.php?rest_route=\/wp\/v2\/posts\/668\/revisions"}],"predecessor-version":[{"id":669,"href":"https:\/\/www.3deee.ch\/index.php?rest_route=\/wp\/v2\/posts\/668\/revisions\/669"}],"wp:featuredmedia":[{"embeddable":true,"href":"https:\/\/www.3deee.ch\/index.php?rest_route=\/wp\/v2\/media\/670"}],"wp:attachment":[{"href":"https:\/\/www.3deee.ch\/index.php?rest_route=%2Fwp%2Fv2%2Fmedia&parent=668"}],"wp:term":[{"taxonomy":"category","embeddable":true,"href":"https:\/\/www.3deee.ch\/index.php?rest_route=%2Fwp%2Fv2%2Fcategories&post=668"},{"taxonomy":"post_tag","embeddable":true,"href":"https:\/\/www.3deee.ch\/index.php?rest_route=%2Fwp%2Fv2%2Ftags&post=668"}],"curies":[{"name":"wp","href":"https:\/\/api.w.org\/{rel}","templated":true}]}}