{"id":502,"date":"2014-03-17T20:34:12","date_gmt":"2014-03-17T18:34:12","guid":{"rendered":"http:\/\/www.3deee.ch\/?p=502"},"modified":"2015-06-15T18:58:32","modified_gmt":"2015-06-15T16:58:32","slug":"es-lebt-fablab-winti-d","status":"publish","type":"post","link":"https:\/\/www.3deee.ch\/?p=502","title":{"rendered":"Es lebt!!! FabLab Winti :-D"},"content":{"rendered":"<p><span style=\"line-height: 1.5em;\">Das FabLab ist der Realit\u00e4t nun ein ganzes St\u00fcck n\u00e4her gekommen!<\/span><\/p>\n<p><strong>Am letzten Freitag, dem epischen \u03c0-Tag (03\/14) ;-), haben wir zu f\u00fcnft den Grundstein f\u00fcr das FabLab gelegt und den Verein FabLab Winti gegr\u00fcndet!<\/strong><\/p>\n<p>Ich m\u00f6chte hier allen Danken, die bereits viel Zeit investiert haben um diese Gr\u00fcndung Realit\u00e4t werden zu lassen!<\/p>\n<p>Unsere n\u00e4chsten Meilensteine sind nun das <a href=\"http:\/\/www.project.zhaw.ch\/de\/zhawprojects\/3d-printing\/symposium-3d-printing-342014.html\">3D-Druck-Symposium an der ZHAW<\/a> am 03.04.2014, das Erstellen unserer Kommunikations-Unterlagen, das Suchen von geeigneten R\u00e4umlichkeiten und neuen Mitgliedern.<\/p>\n<p>Voller Tatendrang schauen wir zuversichtlich nach Vorne und freuen uns, Winterthur und die Umgebung mit dem FabLab ein wenig zu pr\u00e4gen. Wir sind gespannt, was dabei alles entstehen wird!<\/p>\n<p>Falls ihr Lust habt uns zu unterst\u00fctzen findet ihr uns unter:<br \/>\n<a href=\"http:\/\/www.fablabwinti.ch\/\">www.fablabwinti.ch<\/a><br \/>\n<a href=\"mailto:info@fablabwinti.ch\">info@fablabwinti.ch<\/a><br \/>\nTwitter&gt;&gt; <a href=\"https:\/\/twitter.com\/FabLabWinti\">@fablabwinti<\/a><\/p>\n<p>Auf der Webseite habt ihr auch die M\u00f6glichkeit, euch f\u00fcr den Newsletter anzumelden, so dass ihr immer auf dem laufenden bleibt.<\/p>\n<p>Wir werden euch das FabLab Winti am n\u00e4chsten <a href=\"http:\/\/www.meetup.com\/3D-Printing-Winterthur\/\" target=\"_blank\">MeetUp<\/a> (21.03.2014 in der alten Kaserne in Winterthur) pr\u00e4sentieren.<\/p>\n<p>WoooHooooo \ud83d\ude00<\/p>\n","protected":false},"excerpt":{"rendered":"<p>Das FabLab ist der Realit\u00e4t nun ein ganzes St\u00fcck n\u00e4her gekommen! Am letzten Freitag, dem epischen \u03c0-Tag (03\/14) ;-), haben wir zu f\u00fcnft den Grundstein f\u00fcr das FabLab gelegt und den Verein FabLab Winti gegr\u00fcndet! Ich m\u00f6chte hier allen Danken, die bereits viel Zeit investiert haben um diese Gr\u00fcndung Realit\u00e4t&#8230;<\/p>\n","protected":false},"author":2,"featured_media":501,"comment_status":"open","ping_status":"open","sticky":false,"template":"","format":"standard","meta":{"_links_to":"","_links_to_target":""},"categories":[1],"tags":[5,52,46,47,48,49,50,14,9,51],"amp_enabled":true,"_links":{"self":[{"href":"https:\/\/www.3deee.ch\/index.php?rest_route=\/wp\/v2\/posts\/502"}],"collection":[{"href":"https:\/\/www.3deee.ch\/index.php?rest_route=\/wp\/v2\/posts"}],"about":[{"href":"https:\/\/www.3deee.ch\/index.php?rest_route=\/wp\/v2\/types\/post"}],"author":[{"embeddable":true,"href":"https:\/\/www.3deee.ch\/index.php?rest_route=\/wp\/v2\/users\/2"}],"replies":[{"embeddable":true,"href":"https:\/\/www.3deee.ch\/index.php?rest_route=%2Fwp%2Fv2%2Fcomments&post=502"}],"version-history":[{"count":2,"href":"https:\/\/www.3deee.ch\/index.php?rest_route=\/wp\/v2\/posts\/502\/revisions"}],"predecessor-version":[{"id":505,"href":"https:\/\/www.3deee.ch\/index.php?rest_route=\/wp\/v2\/posts\/502\/revisions\/505"}],"wp:featuredmedia":[{"embeddable":true,"href":"https:\/\/www.3deee.ch\/index.php?rest_route=\/wp\/v2\/media\/501"}],"wp:attachment":[{"href":"https:\/\/www.3deee.ch\/index.php?rest_route=%2Fwp%2Fv2%2Fmedia&parent=502"}],"wp:term":[{"taxonomy":"category","embeddable":true,"href":"https:\/\/www.3deee.ch\/index.php?rest_route=%2Fwp%2Fv2%2Fcategories&post=502"},{"taxonomy":"post_tag","embeddable":true,"href":"https:\/\/www.3deee.ch\/index.php?rest_route=%2Fwp%2Fv2%2Ftags&post=502"}],"curies":[{"name":"wp","href":"https:\/\/api.w.org\/{rel}","templated":true}]}}